{"id":229,"date":"2015-04-06T19:07:50","date_gmt":"2015-04-06T18:07:50","guid":{"rendered":"http:\/\/noisiel.spf77.org\/?p=229"},"modified":"2015-04-06T19:07:50","modified_gmt":"2015-04-06T18:07:50","slug":"journee-de-la-femme","status":"publish","type":"post","link":"https:\/\/noisiel.spf77.org\/?p=229","title":{"rendered":"Journ\u00e9e de la femme"},"content":{"rendered":"<h1>Sortie f\u00e9minine \u00e0 Noisiel<\/h1>\n<p>A l&#8217;occasion de la Journ\u00e9e de la Femme, le comit\u00e9 de Noisiel a inaugur\u00e9 le tout nouveau partenariat\u00a0&#8220;Paris Mus\u00e9es&#8221; ce qui nous a permis d&#8217;aller \u00e0 la rencontre de &#8220;La femme au 19\u00b0 si\u00e8cle&#8221;.<br \/>\nLes explications claires de la conf\u00e9renci\u00e8re ont captiv\u00e9 l&#8217;attention de chacune. Au- del\u00e0 de la beaut\u00e9 et\u00a0de l&#8217;int\u00e9r\u00eat des \u0153uvres pr\u00e9sent\u00e9es, elle a \u00e9voqu\u00e9 le statut de la femme \u00e0 cette \u00e9poque et on a pu\u00a0mesurer les avanc\u00e9es r\u00e9alis\u00e9es en mati\u00e8re d&#8217;\u00e9mancipation et d&#8217;\u00e9galit\u00e9.\u00a0Un soleil printanier nous a permis de pique- niquer (et l\u00e9zarder&#8230;) dans le Jardin de la Place des Vosges,\u00a0et apr\u00e8s un caf\u00e9 d\u00e9gust\u00e9 \u00e0 une terrasse, ce fut le retour vers Noisiel.<\/p>\n<p>En conclusion, une journ\u00e9e bien agr\u00e9able qui comme l&#8217;a dit\u00a0une participante, maman de quatre enfants, lui a\u00a0permis de \u00absouffler un peu toute seule\u00bb&#8230;<\/p>\n","protected":false},"excerpt":{"rendered":"<p>Sortie f\u00e9minine \u00e0 Noisiel A l&#8217;occasion de la Journ\u00e9e de la Femme, le comit\u00e9 de Noisiel a inaugur\u00e9 le tout nouveau partenariat\u00a0&#8220;Paris Mus\u00e9es&#8221; ce qui nous a permis d&#8217;aller \u00e0 la rencontre de &#8220;La femme au 19\u00b0 si\u00e8cle&#8221;. Les explications claires de la conf\u00e9renci\u00e8re ont captiv\u00e9 l&#8217;attention de chacune. Au- del\u00e0 de la beaut\u00e9 et\u00a0de l&#8217;int\u00e9r\u00eat des \u0153uvres pr\u00e9sent\u00e9es, elle a \u00e9voqu\u00e9 le statut de la femme \u00e0 cette \u00e9poque et on a pu\u00a0mesurer les avanc\u00e9es r\u00e9alis\u00e9es en mati\u00e8re d&#8217;\u00e9mancipation et d&#8217;\u00e9galit\u00e9.\u00a0Un soleil printanier nous a permis de pique- niquer (et l\u00e9zarder&#8230;) dans le Jardin de la Place des Vosges,\u00a0et<\/p>\n<a class=\"more-link\" rel=\"nofollow\" href=\"https:\/\/noisiel.spf77.org\/?p=229\">[Read More...]<\/a>","protected":false},"author":1,"featured_media":0,"comment_status":"open","ping_status":"open","sticky":false,"template":"","format":"standard","meta":{"footnotes":""},"categories":[3],"tags":[28,61,62],"class_list":["post-229","post","type-post","status-publish","format-standard","hentry","category-actus","tag-culture","tag-journee-de-la-femme","tag-musees"],"_links":{"self":[{"href":"https:\/\/noisiel.spf77.org\/index.php?rest_route=\/wp\/v2\/posts\/229","targetHints":{"allow":["GET"]}}],"collection":[{"href":"https:\/\/noisiel.spf77.org\/index.php?rest_route=\/wp\/v2\/posts"}],"about":[{"href":"https:\/\/noisiel.spf77.org\/index.php?rest_route=\/wp\/v2\/types\/post"}],"author":[{"embeddable":true,"href":"https:\/\/noisiel.spf77.org\/index.php?rest_route=\/wp\/v2\/users\/1"}],"replies":[{"embeddable":true,"href":"https:\/\/noisiel.spf77.org\/index.php?rest_route=%2Fwp%2Fv2%2Fcomments&post=229"}],"version-history":[{"count":2,"href":"https:\/\/noisiel.spf77.org\/index.php?rest_route=\/wp\/v2\/posts\/229\/revisions"}],"predecessor-version":[{"id":231,"href":"https:\/\/noisiel.spf77.org\/index.php?rest_route=\/wp\/v2\/posts\/229\/revisions\/231"}],"wp:attachment":[{"href":"https:\/\/noisiel.spf77.org\/index.php?rest_route=%2Fwp%2Fv2%2Fmedia&parent=229"}],"wp:term":[{"taxonomy":"category","embeddable":true,"href":"https:\/\/noisiel.spf77.org\/index.php?rest_route=%2Fwp%2Fv2%2Fcategories&post=229"},{"taxonomy":"post_tag","embeddable":true,"href":"https:\/\/noisiel.spf77.org\/index.php?rest_route=%2Fwp%2Fv2%2Ftags&post=229"}],"curies":[{"name":"wp","href":"https:\/\/api.w.org\/{rel}","templated":true}]}}