{"id":240,"date":"2015-04-26T10:02:24","date_gmt":"2015-04-26T09:02:24","guid":{"rendered":"http:\/\/noisiel.spf77.org\/?p=240"},"modified":"2015-04-26T10:02:24","modified_gmt":"2015-04-26T09:02:24","slug":"collecte-carrefour-champs-sur-marne-les-9-et-10-mai","status":"publish","type":"post","link":"https:\/\/noisiel.spf77.org\/?p=240","title":{"rendered":"Collecte Carrefour Champs-sur-Marne les 9 et 10 mai"},"content":{"rendered":"<p>Nous organisons une collecte les samedi 9 (de 9h00 \u00e0 18h00) et dimanche 10 mai (de 9h00 \u00e0 midi) au Carrefour de Champs-sur-Marne. Retrouvez-nos b\u00e9n\u00e9voles \u00e0 l&#8217;entr\u00e9e du supermarch\u00e9 et faites des courses solidaires !<\/p>\n<p><a href=\"http:\/\/noisiel.spf77.org\/wp-content\/uploads\/2015\/04\/collecte_alimentaire_-_080.jpg\"><img loading=\"lazy\" decoding=\"async\" class=\"aligncenter wp-image-242 size-medium\" src=\"http:\/\/noisiel.spf77.org\/wp-content\/uploads\/2015\/04\/collecte_alimentaire_-_080-300x199.jpg\" alt=\"collecte_alimentaire_-_080\" width=\"300\" height=\"199\" srcset=\"https:\/\/noisiel.spf77.org\/wp-content\/uploads\/2015\/04\/collecte_alimentaire_-_080-300x199.jpg 300w, https:\/\/noisiel.spf77.org\/wp-content\/uploads\/2015\/04\/collecte_alimentaire_-_080-1024x681.jpg 1024w, https:\/\/noisiel.spf77.org\/wp-content\/uploads\/2015\/04\/collecte_alimentaire_-_080.jpg 1280w\" sizes=\"auto, (max-width: 300px) 100vw, 300px\" \/><\/a><\/p>\n","protected":false},"excerpt":{"rendered":"<p>Nous organisons une collecte les samedi 9 (de 9h00 \u00e0 18h00) et dimanche 10 mai (de 9h00 \u00e0 midi) au Carrefour de Champs-sur-Marne. Retrouvez-nos b\u00e9n\u00e9voles \u00e0 l&#8217;entr\u00e9e du supermarch\u00e9 et faites des courses solidaires !<\/p>\n<a class=\"more-link\" rel=\"nofollow\" href=\"https:\/\/noisiel.spf77.org\/?p=240\">[Read More...]<\/a>","protected":false},"author":1,"featured_media":0,"comment_status":"open","ping_status":"open","sticky":false,"template":"","format":"standard","meta":{"footnotes":""},"categories":[3],"tags":[65,64,38],"class_list":["post-240","post","type-post","status-publish","format-standard","hentry","category-actus","tag-carrefour","tag-champs-sur-marne","tag-collecte"],"_links":{"self":[{"href":"https:\/\/noisiel.spf77.org\/index.php?rest_route=\/wp\/v2\/posts\/240","targetHints":{"allow":["GET"]}}],"collection":[{"href":"https:\/\/noisiel.spf77.org\/index.php?rest_route=\/wp\/v2\/posts"}],"about":[{"href":"https:\/\/noisiel.spf77.org\/index.php?rest_route=\/wp\/v2\/types\/post"}],"author":[{"embeddable":true,"href":"https:\/\/noisiel.spf77.org\/index.php?rest_route=\/wp\/v2\/users\/1"}],"replies":[{"embeddable":true,"href":"https:\/\/noisiel.spf77.org\/index.php?rest_route=%2Fwp%2Fv2%2Fcomments&post=240"}],"version-history":[{"count":1,"href":"https:\/\/noisiel.spf77.org\/index.php?rest_route=\/wp\/v2\/posts\/240\/revisions"}],"predecessor-version":[{"id":243,"href":"https:\/\/noisiel.spf77.org\/index.php?rest_route=\/wp\/v2\/posts\/240\/revisions\/243"}],"wp:attachment":[{"href":"https:\/\/noisiel.spf77.org\/index.php?rest_route=%2Fwp%2Fv2%2Fmedia&parent=240"}],"wp:term":[{"taxonomy":"category","embeddable":true,"href":"https:\/\/noisiel.spf77.org\/index.php?rest_route=%2Fwp%2Fv2%2Fcategories&post=240"},{"taxonomy":"post_tag","embeddable":true,"href":"https:\/\/noisiel.spf77.org\/index.php?rest_route=%2Fwp%2Fv2%2Ftags&post=240"}],"curies":[{"name":"wp","href":"https:\/\/api.w.org\/{rel}","templated":true}]}}