{"id":442,"date":"2016-07-27T18:53:18","date_gmt":"2016-07-27T17:53:18","guid":{"rendered":"http:\/\/noisiel.spf77.org\/?p=442"},"modified":"2016-08-23T18:39:45","modified_gmt":"2016-08-23T17:39:45","slug":"journee-des-oublies-des-vacances","status":"publish","type":"post","link":"https:\/\/noisiel.spf77.org\/?p=442","title":{"rendered":"Journ\u00e9e des Oubli\u00e9s des Vacances"},"content":{"rendered":"<p>A ce jour, 465 Seine-et-Marnais participeront \u00e0 cette magnifique journ\u00e9e \u00e0 la mer, notamment les enfants accueillis \u00e0 Meaux, Noisiel, Bussy, Pontault, la Fert\u00e9-sous-Jouarre, Melun, Le M\u00e9e et Villeparisis !<\/p>\n<p><img loading=\"lazy\" decoding=\"async\" class=\"aligncenter size-full wp-image-441\" src=\"http:\/\/noisiel.spf77.org\/wp-content\/uploads\/2016\/07\/13775431_861235290675924_8198183809912021517_n.png\" alt=\"13775431_861235290675924_8198183809912021517_n\" width=\"397\" height=\"505\" srcset=\"https:\/\/noisiel.spf77.org\/wp-content\/uploads\/2016\/07\/13775431_861235290675924_8198183809912021517_n.png 397w, https:\/\/noisiel.spf77.org\/wp-content\/uploads\/2016\/07\/13775431_861235290675924_8198183809912021517_n-236x300.png 236w\" sizes=\"auto, (max-width: 397px) 100vw, 397px\" \/><\/p>\n","protected":false},"excerpt":{"rendered":"<p>A ce jour, 465 Seine-et-Marnais participeront \u00e0 cette magnifique journ\u00e9e \u00e0 la mer, notamment les enfants accueillis \u00e0 Meaux, Noisiel, Bussy, Pontault, la Fert\u00e9-sous-Jouarre, Melun, Le M\u00e9e et Villeparisis !<\/p>\n<a class=\"more-link\" rel=\"nofollow\" href=\"https:\/\/noisiel.spf77.org\/?p=442\">[Read More...]<\/a>","protected":false},"author":1,"featured_media":0,"comment_status":"open","ping_status":"open","sticky":false,"template":"","format":"standard","meta":{"footnotes":""},"categories":[3],"tags":[90,24],"class_list":["post-442","post","type-post","status-publish","format-standard","hentry","category-actus","tag-jov","tag-noisiel"],"_links":{"self":[{"href":"https:\/\/noisiel.spf77.org\/index.php?rest_route=\/wp\/v2\/posts\/442","targetHints":{"allow":["GET"]}}],"collection":[{"href":"https:\/\/noisiel.spf77.org\/index.php?rest_route=\/wp\/v2\/posts"}],"about":[{"href":"https:\/\/noisiel.spf77.org\/index.php?rest_route=\/wp\/v2\/types\/post"}],"author":[{"embeddable":true,"href":"https:\/\/noisiel.spf77.org\/index.php?rest_route=\/wp\/v2\/users\/1"}],"replies":[{"embeddable":true,"href":"https:\/\/noisiel.spf77.org\/index.php?rest_route=%2Fwp%2Fv2%2Fcomments&post=442"}],"version-history":[{"count":1,"href":"https:\/\/noisiel.spf77.org\/index.php?rest_route=\/wp\/v2\/posts\/442\/revisions"}],"predecessor-version":[{"id":443,"href":"https:\/\/noisiel.spf77.org\/index.php?rest_route=\/wp\/v2\/posts\/442\/revisions\/443"}],"wp:attachment":[{"href":"https:\/\/noisiel.spf77.org\/index.php?rest_route=%2Fwp%2Fv2%2Fmedia&parent=442"}],"wp:term":[{"taxonomy":"category","embeddable":true,"href":"https:\/\/noisiel.spf77.org\/index.php?rest_route=%2Fwp%2Fv2%2Fcategories&post=442"},{"taxonomy":"post_tag","embeddable":true,"href":"https:\/\/noisiel.spf77.org\/index.php?rest_route=%2Fwp%2Fv2%2Ftags&post=442"}],"curies":[{"name":"wp","href":"https:\/\/api.w.org\/{rel}","templated":true}]}}