{"id":445,"date":"2016-08-23T18:33:14","date_gmt":"2016-08-23T17:33:14","guid":{"rendered":"http:\/\/noisiel.spf77.org\/?p=445"},"modified":"2016-08-23T18:37:19","modified_gmt":"2016-08-23T17:37:19","slug":"le-comite-de-noisiel-au-forum-des-associations","status":"publish","type":"post","link":"https:\/\/noisiel.spf77.org\/?p=445","title":{"rendered":"Le comit\u00e9 de Noisiel au Forum des associations"},"content":{"rendered":"<div class=\"_1dwg _1w_m\">\n<div id=\"js_b\" class=\"_5pbx userContent\" data-ft=\"{&quot;tn&quot;:&quot;K&quot;}\">\n<p>\u00c0 vos agendas : le comit\u00e9 de Noisiel du Secours populaire sera pr\u00e9sent lors de l&#8217;\u00e9dition 2016 du Forum des associations qui aura lieu samedi 3 septembre \u00e0 la salle polyvalente et sportive de la Ferme du Buisson.<\/p>\n<\/div>\n<\/div>\n","protected":false},"excerpt":{"rendered":"<p>\u00c0 vos agendas : le comit\u00e9 de Noisiel du Secours populaire sera pr\u00e9sent lors de l&#8217;\u00e9dition 2016 du Forum des associations qui aura lieu samedi 3 septembre \u00e0 la salle polyvalente et sportive de la Ferme du Buisson.<\/p>\n<a class=\"more-link\" rel=\"nofollow\" href=\"https:\/\/noisiel.spf77.org\/?p=445\">[Read More...]<\/a>","protected":false},"author":1,"featured_media":0,"comment_status":"open","ping_status":"open","sticky":false,"template":"","format":"standard","meta":{"footnotes":""},"categories":[3],"tags":[109,24],"class_list":["post-445","post","type-post","status-publish","format-standard","hentry","category-actus","tag-forum-des-associations","tag-noisiel"],"_links":{"self":[{"href":"https:\/\/noisiel.spf77.org\/index.php?rest_route=\/wp\/v2\/posts\/445","targetHints":{"allow":["GET"]}}],"collection":[{"href":"https:\/\/noisiel.spf77.org\/index.php?rest_route=\/wp\/v2\/posts"}],"about":[{"href":"https:\/\/noisiel.spf77.org\/index.php?rest_route=\/wp\/v2\/types\/post"}],"author":[{"embeddable":true,"href":"https:\/\/noisiel.spf77.org\/index.php?rest_route=\/wp\/v2\/users\/1"}],"replies":[{"embeddable":true,"href":"https:\/\/noisiel.spf77.org\/index.php?rest_route=%2Fwp%2Fv2%2Fcomments&post=445"}],"version-history":[{"count":2,"href":"https:\/\/noisiel.spf77.org\/index.php?rest_route=\/wp\/v2\/posts\/445\/revisions"}],"predecessor-version":[{"id":448,"href":"https:\/\/noisiel.spf77.org\/index.php?rest_route=\/wp\/v2\/posts\/445\/revisions\/448"}],"wp:attachment":[{"href":"https:\/\/noisiel.spf77.org\/index.php?rest_route=%2Fwp%2Fv2%2Fmedia&parent=445"}],"wp:term":[{"taxonomy":"category","embeddable":true,"href":"https:\/\/noisiel.spf77.org\/index.php?rest_route=%2Fwp%2Fv2%2Fcategories&post=445"},{"taxonomy":"post_tag","embeddable":true,"href":"https:\/\/noisiel.spf77.org\/index.php?rest_route=%2Fwp%2Fv2%2Ftags&post=445"}],"curies":[{"name":"wp","href":"https:\/\/api.w.org\/{rel}","templated":true}]}}