{"id":454,"date":"2016-08-29T17:54:39","date_gmt":"2016-08-29T16:54:39","guid":{"rendered":"http:\/\/noisiel.spf77.org\/?p=454"},"modified":"2016-08-29T17:54:39","modified_gmt":"2016-08-29T16:54:39","slug":"collecte-de-fournitures-scolaires","status":"publish","type":"post","link":"https:\/\/noisiel.spf77.org\/?p=454","title":{"rendered":"Collecte de fournitures scolaires"},"content":{"rendered":"<p>Les vendredi 26 et samedi 27 ao\u00fbt 2016, 250 kg de fournitures scolaires ont \u00e9t\u00e9 collect\u00e9es par notre comit\u00e9 \u00e0 Auchan Val d&#8217;Europe (contre 80 kg en 2014 et 128 kg en 2015). Un grand merci au nom des familles en difficult\u00e9 qui b\u00e9n\u00e9ficieront d&#8217;une rentr\u00e9e scolaire adoucie !<img loading=\"lazy\" decoding=\"async\" class=\"aligncenter wp-image-453 size-medium\" src=\"http:\/\/noisiel.spf77.org\/wp-content\/uploads\/2016\/08\/DSCN5724-300x225.jpg\" alt=\"DSCN5724\" width=\"300\" height=\"225\" srcset=\"https:\/\/noisiel.spf77.org\/wp-content\/uploads\/2016\/08\/DSCN5724-300x225.jpg 300w, https:\/\/noisiel.spf77.org\/wp-content\/uploads\/2016\/08\/DSCN5724-768x576.jpg 768w, https:\/\/noisiel.spf77.org\/wp-content\/uploads\/2016\/08\/DSCN5724-1024x768.jpg 1024w\" sizes=\"auto, (max-width: 300px) 100vw, 300px\" \/><\/p>\n","protected":false},"excerpt":{"rendered":"<p>Les vendredi 26 et samedi 27 ao\u00fbt 2016, 250 kg de fournitures scolaires ont \u00e9t\u00e9 collect\u00e9es par notre comit\u00e9 \u00e0 Auchan Val d&#8217;Europe (contre 80 kg en 2014 et 128 kg en 2015). Un grand merci au nom des familles en difficult\u00e9 qui b\u00e9n\u00e9ficieront d&#8217;une rentr\u00e9e scolaire adoucie !<\/p>\n<a class=\"more-link\" rel=\"nofollow\" href=\"https:\/\/noisiel.spf77.org\/?p=454\">[Read More...]<\/a>","protected":false},"author":1,"featured_media":0,"comment_status":"open","ping_status":"open","sticky":false,"template":"","format":"standard","meta":{"footnotes":""},"categories":[3],"tags":[111,37],"class_list":["post-454","post","type-post","status-publish","format-standard","hentry","category-actus","tag-auchan","tag-val-deurope"],"_links":{"self":[{"href":"https:\/\/noisiel.spf77.org\/index.php?rest_route=\/wp\/v2\/posts\/454","targetHints":{"allow":["GET"]}}],"collection":[{"href":"https:\/\/noisiel.spf77.org\/index.php?rest_route=\/wp\/v2\/posts"}],"about":[{"href":"https:\/\/noisiel.spf77.org\/index.php?rest_route=\/wp\/v2\/types\/post"}],"author":[{"embeddable":true,"href":"https:\/\/noisiel.spf77.org\/index.php?rest_route=\/wp\/v2\/users\/1"}],"replies":[{"embeddable":true,"href":"https:\/\/noisiel.spf77.org\/index.php?rest_route=%2Fwp%2Fv2%2Fcomments&post=454"}],"version-history":[{"count":1,"href":"https:\/\/noisiel.spf77.org\/index.php?rest_route=\/wp\/v2\/posts\/454\/revisions"}],"predecessor-version":[{"id":455,"href":"https:\/\/noisiel.spf77.org\/index.php?rest_route=\/wp\/v2\/posts\/454\/revisions\/455"}],"wp:attachment":[{"href":"https:\/\/noisiel.spf77.org\/index.php?rest_route=%2Fwp%2Fv2%2Fmedia&parent=454"}],"wp:term":[{"taxonomy":"category","embeddable":true,"href":"https:\/\/noisiel.spf77.org\/index.php?rest_route=%2Fwp%2Fv2%2Fcategories&post=454"},{"taxonomy":"post_tag","embeddable":true,"href":"https:\/\/noisiel.spf77.org\/index.php?rest_route=%2Fwp%2Fv2%2Ftags&post=454"}],"curies":[{"name":"wp","href":"https:\/\/api.w.org\/{rel}","templated":true}]}}