{"id":464,"date":"2016-10-11T19:05:31","date_gmt":"2016-10-11T18:05:31","guid":{"rendered":"http:\/\/noisiel.spf77.org\/?p=464"},"modified":"2016-11-11T18:44:06","modified_gmt":"2016-11-11T17:44:06","slug":"aide-aux-migrants-loges-a-lognes","status":"publish","type":"post","link":"https:\/\/noisiel.spf77.org\/?p=464","title":{"rendered":"Aide aux migrants log\u00e9s \u00e0 Lognes"},"content":{"rendered":"<p>La mairie de Lognes a contact\u00e9 le SPF Noisiel pour aider les migrants log\u00e9s temporairement \u00e0 l\u2019h\u00f4tel Europarc dans la commune et a lanc\u00e9 un appel aux dons. Des b\u00e9n\u00e9voles se sont mobilis\u00e9s pour apporter une aide d\u2019urgence.<\/p>\n<p>Vendredi 7 octobre, une distribution a eu lieu \u00e0 l\u2019h\u00f4tel pour 53 personnes dont 3 couples avec enfants, 5 personnes seules avec enfants, 5 co<span class=\"text_exposed_show\">uples et 25 personnes seules. Organis\u00e9e par le SPF, avec l\u2019aide de responsables de l\u2019h\u00f4tel et de la municipalit\u00e9 de Lognes, la distribution d\u2019urgence a \u00e9t\u00e9 constitu\u00e9e par les produits suivants :<br \/>\n&#8211; lait, fromage, caf\u00e9, thon, couscous, haricots, pur\u00e9e, confiture venant du FEAD (Fonds europ\u00e9en d\u2019aide aux plus d\u00e9munis)<br \/>\n&#8211; produits b\u00e9b\u00e9 et produits d\u2019hygi\u00e8ne provenant de dons au SPF ou au CCAS de Lognes.<\/span><\/p>\n<p><img loading=\"lazy\" decoding=\"async\" class=\"aligncenter wp-image-465\" src=\"http:\/\/noisiel.spf77.org\/wp-content\/uploads\/2016\/10\/Distribution-1024x925.jpg\" alt=\"distribution\" width=\"582\" height=\"525\" srcset=\"https:\/\/noisiel.spf77.org\/wp-content\/uploads\/2016\/10\/Distribution-1024x925.jpg 1024w, https:\/\/noisiel.spf77.org\/wp-content\/uploads\/2016\/10\/Distribution-300x271.jpg 300w, https:\/\/noisiel.spf77.org\/wp-content\/uploads\/2016\/10\/Distribution-768x694.jpg 768w\" sizes=\"auto, (max-width: 582px) 100vw, 582px\" \/><\/p>\n","protected":false},"excerpt":{"rendered":"<p>La mairie de Lognes a contact\u00e9 le SPF Noisiel pour aider les migrants log\u00e9s temporairement \u00e0 l\u2019h\u00f4tel Europarc dans la commune et a lanc\u00e9 un appel aux dons. Des b\u00e9n\u00e9voles se sont mobilis\u00e9s pour apporter une aide d\u2019urgence. Vendredi 7 octobre, une distribution a eu lieu \u00e0 l\u2019h\u00f4tel pour 53 personnes dont 3 couples avec enfants, 5 personnes seules avec enfants, 5 couples et 25 personnes seules. Organis\u00e9e par le SPF, avec l\u2019aide de responsables de l\u2019h\u00f4tel et de la municipalit\u00e9 de Lognes, la distribution d\u2019urgence a \u00e9t\u00e9 constitu\u00e9e par les produits suivants : &#8211; lait, fromage, caf\u00e9, thon, couscous,<\/p>\n<a class=\"more-link\" rel=\"nofollow\" href=\"https:\/\/noisiel.spf77.org\/?p=464\">[Read More...]<\/a>","protected":false},"author":1,"featured_media":0,"comment_status":"open","ping_status":"open","sticky":false,"template":"","format":"standard","meta":{"footnotes":""},"categories":[3],"tags":[40,113],"class_list":["post-464","post","type-post","status-publish","format-standard","hentry","category-actus","tag-lognes","tag-migrants"],"_links":{"self":[{"href":"https:\/\/noisiel.spf77.org\/index.php?rest_route=\/wp\/v2\/posts\/464","targetHints":{"allow":["GET"]}}],"collection":[{"href":"https:\/\/noisiel.spf77.org\/index.php?rest_route=\/wp\/v2\/posts"}],"about":[{"href":"https:\/\/noisiel.spf77.org\/index.php?rest_route=\/wp\/v2\/types\/post"}],"author":[{"embeddable":true,"href":"https:\/\/noisiel.spf77.org\/index.php?rest_route=\/wp\/v2\/users\/1"}],"replies":[{"embeddable":true,"href":"https:\/\/noisiel.spf77.org\/index.php?rest_route=%2Fwp%2Fv2%2Fcomments&post=464"}],"version-history":[{"count":2,"href":"https:\/\/noisiel.spf77.org\/index.php?rest_route=\/wp\/v2\/posts\/464\/revisions"}],"predecessor-version":[{"id":479,"href":"https:\/\/noisiel.spf77.org\/index.php?rest_route=\/wp\/v2\/posts\/464\/revisions\/479"}],"wp:attachment":[{"href":"https:\/\/noisiel.spf77.org\/index.php?rest_route=%2Fwp%2Fv2%2Fmedia&parent=464"}],"wp:term":[{"taxonomy":"category","embeddable":true,"href":"https:\/\/noisiel.spf77.org\/index.php?rest_route=%2Fwp%2Fv2%2Fcategories&post=464"},{"taxonomy":"post_tag","embeddable":true,"href":"https:\/\/noisiel.spf77.org\/index.php?rest_route=%2Fwp%2Fv2%2Ftags&post=464"}],"curies":[{"name":"wp","href":"https:\/\/api.w.org\/{rel}","templated":true}]}}