{"id":509,"date":"2016-11-30T06:00:16","date_gmt":"2016-11-30T05:00:16","guid":{"rendered":"http:\/\/noisiel.spf77.org\/?p=509"},"modified":"2016-11-29T21:24:56","modified_gmt":"2016-11-29T20:24:56","slug":"week-end-de-la-paix-et-de-la-solidarite","status":"publish","type":"post","link":"https:\/\/noisiel.spf77.org\/?p=509","title":{"rendered":"Week-end de la Paix et de la Solidarit\u00e9"},"content":{"rendered":"<p>La <a class=\"profileLink\" href=\"https:\/\/www.facebook.com\/VilledeLognes\/\" data-hovercard=\"\/ajax\/hovercard\/page.php?id=1643700075842230\" data-hovercard-prefer-more-content-show=\"1\">Ville de Lognes<\/a> organise un &#8220;Week-end de la Paix et de la Solidarit\u00e9&#8221; les 2-3-4 d\u00e9cembre. La Paix, th\u00e8me choisi pour notre f\u00eate du livre 2017, est vraiment d\u2019actualit\u00e9 en relation avec la solidarit\u00e9 et la culture.Tous les dons financiers obtenus pour le potage solidaire du vendredi 2 d\u00e9cembre de 16h \u00e0 20h30 seront revers\u00e9s au comit\u00e9 SPF de Noisiel.<\/p>\n<p><img loading=\"lazy\" decoding=\"async\" class=\"aligncenter  wp-image-508\" src=\"http:\/\/noisiel.spf77.org\/wp-content\/uploads\/2016\/11\/Capture-du-2016-11-29-21-14-29.png\" alt=\"capture-du-2016-11-29-21-14-29\" width=\"486\" height=\"691\" srcset=\"https:\/\/noisiel.spf77.org\/wp-content\/uploads\/2016\/11\/Capture-du-2016-11-29-21-14-29.png 658w, https:\/\/noisiel.spf77.org\/wp-content\/uploads\/2016\/11\/Capture-du-2016-11-29-21-14-29-211x300.png 211w\" sizes=\"auto, (max-width: 486px) 100vw, 486px\" \/><\/p>\n","protected":false},"excerpt":{"rendered":"<p>La Ville de Lognes organise un &#8220;Week-end de la Paix et de la Solidarit\u00e9&#8221; les 2-3-4 d\u00e9cembre. La Paix, th\u00e8me choisi pour notre f\u00eate du livre 2017, est vraiment d\u2019actualit\u00e9 en relation avec la solidarit\u00e9 et la culture.Tous les dons financiers obtenus pour le potage solidaire du vendredi 2 d\u00e9cembre de 16h \u00e0 20h30 seront revers\u00e9s au comit\u00e9 SPF de Noisiel.<\/p>\n<a class=\"more-link\" rel=\"nofollow\" href=\"https:\/\/noisiel.spf77.org\/?p=509\">[Read More...]<\/a>","protected":false},"author":1,"featured_media":0,"comment_status":"open","ping_status":"open","sticky":false,"template":"","format":"standard","meta":{"footnotes":""},"categories":[3],"tags":[40,124],"class_list":["post-509","post","type-post","status-publish","format-standard","hentry","category-actus","tag-lognes","tag-potage-solidaire"],"_links":{"self":[{"href":"https:\/\/noisiel.spf77.org\/index.php?rest_route=\/wp\/v2\/posts\/509","targetHints":{"allow":["GET"]}}],"collection":[{"href":"https:\/\/noisiel.spf77.org\/index.php?rest_route=\/wp\/v2\/posts"}],"about":[{"href":"https:\/\/noisiel.spf77.org\/index.php?rest_route=\/wp\/v2\/types\/post"}],"author":[{"embeddable":true,"href":"https:\/\/noisiel.spf77.org\/index.php?rest_route=\/wp\/v2\/users\/1"}],"replies":[{"embeddable":true,"href":"https:\/\/noisiel.spf77.org\/index.php?rest_route=%2Fwp%2Fv2%2Fcomments&post=509"}],"version-history":[{"count":1,"href":"https:\/\/noisiel.spf77.org\/index.php?rest_route=\/wp\/v2\/posts\/509\/revisions"}],"predecessor-version":[{"id":510,"href":"https:\/\/noisiel.spf77.org\/index.php?rest_route=\/wp\/v2\/posts\/509\/revisions\/510"}],"wp:attachment":[{"href":"https:\/\/noisiel.spf77.org\/index.php?rest_route=%2Fwp%2Fv2%2Fmedia&parent=509"}],"wp:term":[{"taxonomy":"category","embeddable":true,"href":"https:\/\/noisiel.spf77.org\/index.php?rest_route=%2Fwp%2Fv2%2Fcategories&post=509"},{"taxonomy":"post_tag","embeddable":true,"href":"https:\/\/noisiel.spf77.org\/index.php?rest_route=%2Fwp%2Fv2%2Ftags&post=509"}],"curies":[{"name":"wp","href":"https:\/\/api.w.org\/{rel}","templated":true}]}}