{"id":519,"date":"2017-01-18T19:46:48","date_gmt":"2017-01-18T18:46:48","guid":{"rendered":"http:\/\/noisiel.spf77.org\/?p=519"},"modified":"2017-01-18T19:46:48","modified_gmt":"2017-01-18T18:46:48","slug":"collecte-carrefour-samedi-21-janvier","status":"publish","type":"post","link":"https:\/\/noisiel.spf77.org\/?p=519","title":{"rendered":"Collecte Carrefour samedi 21 janvier"},"content":{"rendered":"<p>Cette ann\u00e9e encore <a href=\"https:\/\/www.facebook.com\/carrefourcollegien\/\" data-hovercard=\"\/ajax\/hovercard\/page.php?id=202821363415024&amp;extragetparams=%7B%22directed_target_id%22%3A0%7D\" data-hovercard-prefer-more-content-show=\"1\">Carrefour Coll\u00e9gien<\/a> <a href=\"https:\/\/www.facebook.com\/centrebay2\/\" data-hovercard=\"\/ajax\/hovercard\/page.php?id=247673871976627&amp;extragetparams=%7B%22directed_target_id%22%3A0%7D\" data-hovercard-prefer-more-content-show=\"1\">Centre Commercial &#8211; BAY 2<\/a> est partenaire du Secours populaire comit\u00e9 de Noisiel avec une op\u00e9ration conserves. Le Secours populaire Fran\u00e7ais et les magasins Carrefour organisent la 12e \u00e9dition de la foire \u00e0 la conserve, baptis\u00e9e cette ann\u00e9e \u00abBo\u00eetes \u00e0 bonheur\u00bb. Cette op\u00e9ration prend deux formes. La premi\u00e8re est une journ\u00e9e de collecte le sa<span class=\"text_exposed_show\">medi 21 janvier 2017 par les b\u00e9n\u00e9voles de notre comit\u00e9 (de 9h00 \u00e0 18h00). La seconde forme de l&#8217;op\u00e9ration est une action solidaire \u00abBo\u00eetes \u00e0 bonheur\u00bb qui se d\u00e9roulera dans l&#8217;ensemble des supermarch\u00e9s Carrefour, du 17 au 30 janvier : 7% des recettes de la vente des conserves des marques partenaires r\u00e9alis\u00e9es durant les dates de l&#8217;op\u00e9ration seront revers\u00e9es au SPF, afin de permettre aux plus d\u00e9munis de partir en vacances.<\/span><\/p>\n<p><img loading=\"lazy\" decoding=\"async\" class=\"aligncenter  wp-image-518\" src=\"http:\/\/noisiel.spf77.org\/wp-content\/uploads\/2017\/01\/16105899_982804108519041_7029576333510878222_n.png\" alt=\"16105899_982804108519041_7029576333510878222_n\" width=\"375\" height=\"530\" srcset=\"https:\/\/noisiel.spf77.org\/wp-content\/uploads\/2017\/01\/16105899_982804108519041_7029576333510878222_n.png 453w, https:\/\/noisiel.spf77.org\/wp-content\/uploads\/2017\/01\/16105899_982804108519041_7029576333510878222_n-212x300.png 212w\" sizes=\"auto, (max-width: 375px) 100vw, 375px\" \/><\/p>\n","protected":false},"excerpt":{"rendered":"<p>Cette ann\u00e9e encore Carrefour Coll\u00e9gien Centre Commercial &#8211; BAY 2 est partenaire du Secours populaire comit\u00e9 de Noisiel avec une op\u00e9ration conserves. Le Secours populaire Fran\u00e7ais et les magasins Carrefour organisent la 12e \u00e9dition de la foire \u00e0 la conserve, baptis\u00e9e cette ann\u00e9e \u00abBo\u00eetes \u00e0 bonheur\u00bb. Cette op\u00e9ration prend deux formes. La premi\u00e8re est une journ\u00e9e de collecte le samedi 21 janvier 2017 par les b\u00e9n\u00e9voles de notre comit\u00e9 (de 9h00 \u00e0 18h00). La seconde forme de l&#8217;op\u00e9ration est une action solidaire \u00abBo\u00eetes \u00e0 bonheur\u00bb qui se d\u00e9roulera dans l&#8217;ensemble des supermarch\u00e9s Carrefour, du 17 au 30 janvier : 7%<\/p>\n<a class=\"more-link\" rel=\"nofollow\" href=\"https:\/\/noisiel.spf77.org\/?p=519\">[Read More...]<\/a>","protected":false},"author":1,"featured_media":0,"comment_status":"open","ping_status":"open","sticky":false,"template":"","format":"standard","meta":{"footnotes":""},"categories":[3],"tags":[127,126,65,38],"class_list":["post-519","post","type-post","status-publish","format-standard","hentry","category-actus","tag-bay-2","tag-boites-a-bonheur","tag-carrefour","tag-collecte"],"_links":{"self":[{"href":"https:\/\/noisiel.spf77.org\/index.php?rest_route=\/wp\/v2\/posts\/519","targetHints":{"allow":["GET"]}}],"collection":[{"href":"https:\/\/noisiel.spf77.org\/index.php?rest_route=\/wp\/v2\/posts"}],"about":[{"href":"https:\/\/noisiel.spf77.org\/index.php?rest_route=\/wp\/v2\/types\/post"}],"author":[{"embeddable":true,"href":"https:\/\/noisiel.spf77.org\/index.php?rest_route=\/wp\/v2\/users\/1"}],"replies":[{"embeddable":true,"href":"https:\/\/noisiel.spf77.org\/index.php?rest_route=%2Fwp%2Fv2%2Fcomments&post=519"}],"version-history":[{"count":1,"href":"https:\/\/noisiel.spf77.org\/index.php?rest_route=\/wp\/v2\/posts\/519\/revisions"}],"predecessor-version":[{"id":520,"href":"https:\/\/noisiel.spf77.org\/index.php?rest_route=\/wp\/v2\/posts\/519\/revisions\/520"}],"wp:attachment":[{"href":"https:\/\/noisiel.spf77.org\/index.php?rest_route=%2Fwp%2Fv2%2Fmedia&parent=519"}],"wp:term":[{"taxonomy":"category","embeddable":true,"href":"https:\/\/noisiel.spf77.org\/index.php?rest_route=%2Fwp%2Fv2%2Fcategories&post=519"},{"taxonomy":"post_tag","embeddable":true,"href":"https:\/\/noisiel.spf77.org\/index.php?rest_route=%2Fwp%2Fv2%2Ftags&post=519"}],"curies":[{"name":"wp","href":"https:\/\/api.w.org\/{rel}","templated":true}]}}