{"id":523,"date":"2017-01-25T20:20:05","date_gmt":"2017-01-25T19:20:05","guid":{"rendered":"http:\/\/noisiel.spf77.org\/?p=523"},"modified":"2017-01-25T20:20:05","modified_gmt":"2017-01-25T19:20:05","slug":"feter-la-nouvelle-annee-avec-nos-partenaires","status":"publish","type":"post","link":"https:\/\/noisiel.spf77.org\/?p=523","title":{"rendered":"F\u00eater la nouvelle ann\u00e9e avec nos partenaires"},"content":{"rendered":"<p>Pour la premi\u00e8re fois, les b\u00e9n\u00e9voles du Comit\u00e9 de Noisiel ont invit\u00e9 une vingtaine de partenaires pour f\u00eater cette nouvelle ann\u00e9e solidaire, le samedi 21 janvier, dans nos locaux. Une occasion de les remercier et de les informer sur nos activit\u00e9s 2016 et nos projets pour 2017. De nombreux \u00e9changes ont eu lieu dont :<\/p>\n<p>&#8211; l\u2019accueil des migrants avec les \u00e9lus de la <a class=\"profileLink\" href=\"https:\/\/www.facebook.com\/VilledeLognes\/\" data-hovercard=\"\/ajax\/hovercard\/page.php?id=1643700075842230\" data-hovercard-prefer-more-content-show=\"1\">Ville de Lognes<\/a> et <a class=\"profileLink\" href=\"https:\/\/www.facebook.com\/juliettemeadel\/\" data-hovercard=\"\/ajax\/hovercard\/page.php?id=737528979655597\" data-hovercard-prefer-more-content-show=\"1\">Juliette M\u00e9adel<\/a>, Secr\u00e9taire d\u2019Etat charg\u00e9e de l\u2019aide aux victimes, qui accompagnait <span class=\"text_exposed_show\">Daniel Vachez, maire de la <a class=\"profileLink\" href=\"https:\/\/www.facebook.com\/villenoisiel\/\" data-hovercard=\"\/ajax\/hovercard\/page.php?id=246630185469008\" data-hovercard-prefer-more-content-show=\"1\">Ville de Noisiel<\/a> ;<\/span><\/p>\n<div class=\"text_exposed_show\">\n<p>&#8211; la prochaine f\u00eate du livre les 18 et 19 mars 2017 et le prochain congr\u00e8s d\u00e9partemental le 30 septembre 2017 \u00e0 Noisiel avec <a class=\"profileLink\" href=\"https:\/\/www.facebook.com\/profile.php?id=100012391540147\" data-hovercard=\"\/ajax\/hovercard\/user.php?id=100012391540147\" data-hovercard-prefer-more-content-show=\"1\">Paul Miguel<\/a>, Pr\u00e9sident de la Communaut\u00e9 d\u2019Agglom\u00e9ration <a class=\"profileLink\" href=\"https:\/\/www.facebook.com\/agglopvm\/\" data-hovercard=\"\/ajax\/hovercard\/page.php?id=185488591797425\" data-hovercard-prefer-more-content-show=\"1\">Paris &#8211; Vall\u00e9e de la Marne<\/a> ;<\/p>\n<p>&#8211; le projet de solidarit\u00e9 au B\u00e9nin en 2017-2018 avec Marc Petit, Pr\u00e9sident de l\u2019Association noisi\u00e9lienne &#8220;Boronu France-B\u00e9nin&#8221;.<\/p>\n<p>L\u2019absence d\u2019environ dix b\u00e9n\u00e9voles a \u00e9t\u00e9 excus\u00e9e car au m\u00eame moment ils \u00e9taient en train de collecter \u00e0 Carrefour BAY2 !<\/p>\n<p><img loading=\"lazy\" decoding=\"async\" class=\"aligncenter  wp-image-522\" src=\"http:\/\/noisiel.spf77.org\/wp-content\/uploads\/2017\/01\/partenaires-SPF-Noisiel-f\u00eate-nouvelle-ann\u00e9e-2017.jpg\" alt=\"partenaires SPF Noisiel f\u00eate nouvelle ann\u00e9e 2017\" width=\"519\" height=\"389\" srcset=\"https:\/\/noisiel.spf77.org\/wp-content\/uploads\/2017\/01\/partenaires-SPF-Noisiel-f\u00eate-nouvelle-ann\u00e9e-2017.jpg 1632w, https:\/\/noisiel.spf77.org\/wp-content\/uploads\/2017\/01\/partenaires-SPF-Noisiel-f\u00eate-nouvelle-ann\u00e9e-2017-300x225.jpg 300w, https:\/\/noisiel.spf77.org\/wp-content\/uploads\/2017\/01\/partenaires-SPF-Noisiel-f\u00eate-nouvelle-ann\u00e9e-2017-768x576.jpg 768w, https:\/\/noisiel.spf77.org\/wp-content\/uploads\/2017\/01\/partenaires-SPF-Noisiel-f\u00eate-nouvelle-ann\u00e9e-2017-1024x768.jpg 1024w\" sizes=\"auto, (max-width: 519px) 100vw, 519px\" \/><\/p>\n<\/div>\n","protected":false},"excerpt":{"rendered":"<p>Pour la premi\u00e8re fois, les b\u00e9n\u00e9voles du Comit\u00e9 de Noisiel ont invit\u00e9 une vingtaine de partenaires pour f\u00eater cette nouvelle ann\u00e9e solidaire, le samedi 21 janvier, dans nos locaux. Une occasion de les remercier et de les informer sur nos activit\u00e9s 2016 et nos projets pour 2017. De nombreux \u00e9changes ont eu lieu dont : &#8211; l\u2019accueil des migrants avec les \u00e9lus de la Ville de Lognes et Juliette M\u00e9adel, Secr\u00e9taire d\u2019Etat charg\u00e9e de l\u2019aide aux victimes, qui accompagnait Daniel Vachez, maire de la Ville de Noisiel ; &#8211; la prochaine f\u00eate du livre les 18 et 19 mars 2017<\/p>\n<a class=\"more-link\" rel=\"nofollow\" href=\"https:\/\/noisiel.spf77.org\/?p=523\">[Read More...]<\/a>","protected":false},"author":1,"featured_media":0,"comment_status":"open","ping_status":"open","sticky":false,"template":"","format":"standard","meta":{"footnotes":""},"categories":[3],"tags":[102,128,57,113,24],"class_list":["post-523","post","type-post","status-publish","format-standard","hentry","category-actus","tag-benin","tag-boronu","tag-fete-du-livre","tag-migrants","tag-noisiel"],"_links":{"self":[{"href":"https:\/\/noisiel.spf77.org\/index.php?rest_route=\/wp\/v2\/posts\/523","targetHints":{"allow":["GET"]}}],"collection":[{"href":"https:\/\/noisiel.spf77.org\/index.php?rest_route=\/wp\/v2\/posts"}],"about":[{"href":"https:\/\/noisiel.spf77.org\/index.php?rest_route=\/wp\/v2\/types\/post"}],"author":[{"embeddable":true,"href":"https:\/\/noisiel.spf77.org\/index.php?rest_route=\/wp\/v2\/users\/1"}],"replies":[{"embeddable":true,"href":"https:\/\/noisiel.spf77.org\/index.php?rest_route=%2Fwp%2Fv2%2Fcomments&post=523"}],"version-history":[{"count":1,"href":"https:\/\/noisiel.spf77.org\/index.php?rest_route=\/wp\/v2\/posts\/523\/revisions"}],"predecessor-version":[{"id":524,"href":"https:\/\/noisiel.spf77.org\/index.php?rest_route=\/wp\/v2\/posts\/523\/revisions\/524"}],"wp:attachment":[{"href":"https:\/\/noisiel.spf77.org\/index.php?rest_route=%2Fwp%2Fv2%2Fmedia&parent=523"}],"wp:term":[{"taxonomy":"category","embeddable":true,"href":"https:\/\/noisiel.spf77.org\/index.php?rest_route=%2Fwp%2Fv2%2Fcategories&post=523"},{"taxonomy":"post_tag","embeddable":true,"href":"https:\/\/noisiel.spf77.org\/index.php?rest_route=%2Fwp%2Fv2%2Ftags&post=523"}],"curies":[{"name":"wp","href":"https:\/\/api.w.org\/{rel}","templated":true}]}}