{"id":555,"date":"2017-04-18T19:38:37","date_gmt":"2017-04-18T18:38:37","guid":{"rendered":"http:\/\/noisiel.spf77.org\/?p=555"},"modified":"2017-04-18T19:38:37","modified_gmt":"2017-04-18T18:38:37","slug":"braderie-de-vetements","status":"publish","type":"post","link":"https:\/\/noisiel.spf77.org\/?p=555","title":{"rendered":"Braderie de V\u00eatements"},"content":{"rendered":"<p>Retrouvez-nous samedi 22 avril de 10h00 \u00e0 17h00 au local du comit\u00e9 (9 cours des deux-Parcs \u00e0 Noisiel) pour notre traditionnelle braderie de printemps !<\/p>\n<p>Ouverte \u00e0 tous, tous les fonds recueillis seront utilis\u00e9s pour les aides du SPF aux familles en difficult\u00e9 (accueil, conseil, aides alimentaire, vestimentaire, logement, \u00e9nergie, sant\u00e9, accompagnement scolaire, aide au fran\u00e7ais, culture, vacances, solidarit\u00e9 mondiale&#8230;).<\/p>\n<p><img loading=\"lazy\" decoding=\"async\" class=\"aligncenter  wp-image-554\" src=\"http:\/\/noisiel.spf77.org\/wp-content\/uploads\/2017\/04\/17972416_1044128785719906_8947957916105723337_o.jpg\" alt=\"\" width=\"521\" height=\"391\" srcset=\"https:\/\/noisiel.spf77.org\/wp-content\/uploads\/2017\/04\/17972416_1044128785719906_8947957916105723337_o.jpg 2048w, https:\/\/noisiel.spf77.org\/wp-content\/uploads\/2017\/04\/17972416_1044128785719906_8947957916105723337_o-300x225.jpg 300w, https:\/\/noisiel.spf77.org\/wp-content\/uploads\/2017\/04\/17972416_1044128785719906_8947957916105723337_o-768x576.jpg 768w, https:\/\/noisiel.spf77.org\/wp-content\/uploads\/2017\/04\/17972416_1044128785719906_8947957916105723337_o-1024x768.jpg 1024w\" sizes=\"auto, (max-width: 521px) 100vw, 521px\" \/><\/p>\n","protected":false},"excerpt":{"rendered":"<p>Retrouvez-nous samedi 22 avril de 10h00 \u00e0 17h00 au local du comit\u00e9 (9 cours des deux-Parcs \u00e0 Noisiel) pour notre traditionnelle braderie de printemps ! Ouverte \u00e0 tous, tous les fonds recueillis seront utilis\u00e9s pour les aides du SPF aux familles en difficult\u00e9 (accueil, conseil, aides alimentaire, vestimentaire, logement, \u00e9nergie, sant\u00e9, accompagnement scolaire, aide au fran\u00e7ais, culture, vacances, solidarit\u00e9 mondiale&#8230;).<\/p>\n<a class=\"more-link\" rel=\"nofollow\" href=\"https:\/\/noisiel.spf77.org\/?p=555\">[Read More...]<\/a>","protected":false},"author":1,"featured_media":0,"comment_status":"open","ping_status":"open","sticky":false,"template":"","format":"standard","meta":{"footnotes":""},"categories":[3],"tags":[41,24,56],"class_list":["post-555","post","type-post","status-publish","format-standard","hentry","category-actus","tag-braderie","tag-noisiel","tag-vetements"],"_links":{"self":[{"href":"https:\/\/noisiel.spf77.org\/index.php?rest_route=\/wp\/v2\/posts\/555","targetHints":{"allow":["GET"]}}],"collection":[{"href":"https:\/\/noisiel.spf77.org\/index.php?rest_route=\/wp\/v2\/posts"}],"about":[{"href":"https:\/\/noisiel.spf77.org\/index.php?rest_route=\/wp\/v2\/types\/post"}],"author":[{"embeddable":true,"href":"https:\/\/noisiel.spf77.org\/index.php?rest_route=\/wp\/v2\/users\/1"}],"replies":[{"embeddable":true,"href":"https:\/\/noisiel.spf77.org\/index.php?rest_route=%2Fwp%2Fv2%2Fcomments&post=555"}],"version-history":[{"count":1,"href":"https:\/\/noisiel.spf77.org\/index.php?rest_route=\/wp\/v2\/posts\/555\/revisions"}],"predecessor-version":[{"id":556,"href":"https:\/\/noisiel.spf77.org\/index.php?rest_route=\/wp\/v2\/posts\/555\/revisions\/556"}],"wp:attachment":[{"href":"https:\/\/noisiel.spf77.org\/index.php?rest_route=%2Fwp%2Fv2%2Fmedia&parent=555"}],"wp:term":[{"taxonomy":"category","embeddable":true,"href":"https:\/\/noisiel.spf77.org\/index.php?rest_route=%2Fwp%2Fv2%2Fcategories&post=555"},{"taxonomy":"post_tag","embeddable":true,"href":"https:\/\/noisiel.spf77.org\/index.php?rest_route=%2Fwp%2Fv2%2Ftags&post=555"}],"curies":[{"name":"wp","href":"https:\/\/api.w.org\/{rel}","templated":true}]}}