{"id":587,"date":"2017-10-15T16:18:15","date_gmt":"2017-10-15T15:18:15","guid":{"rendered":"http:\/\/noisiel.spf77.org\/?p=587"},"modified":"2017-11-28T16:19:30","modified_gmt":"2017-11-28T15:19:30","slug":"congres-departemental-a-noisiel","status":"publish","type":"post","link":"https:\/\/noisiel.spf77.org\/?p=587","title":{"rendered":"Congr\u00e8s d\u00e9partemental \u00e0 Noisiel"},"content":{"rendered":"<p>Le samedi 30 septembre a eu lieu le 20 \u00e8me congr\u00e8s d\u00e9partemental du Secours populaire de Seine-et-Marne. Plus de 80 d\u00e9l\u00e9gu\u00e9s se sont retrouv\u00e9s \u00e0 la salle polyvalente et sportive de Noisiel pour \u00e9changer, voter, partager&#8230;<\/p>\n<p>Un vaste programme : pr\u00e9sentation du rapport d\u2019activit\u00e9s et du rapport financier, votes du rapport moral et financier, pr\u00e9sentation d\u2019orientations sur le th\u00e8me de l\u2019Europe et lancement des r\u00e9flexions. Les congressistes se sont r\u00e9partis en tr<span class=\"text_exposed_show\">ois ateliers : acc\u00e8s aux droits-Pr\u00e9carit\u00e9, solidarit\u00e9 monde et \u00e9ducation populaire. De ce travail, doit ressortir les grandes orientations pour les deux ann\u00e9es \u00e0 venir ! Les b\u00e9n\u00e9voles du Secours populaire de Seine-et-Marne se retrousseront une nouvelle fois les manches, pour + d&#8217;\u00e9changes, + de communication, + de liens et + d&#8217;actions avec les b\u00e9n\u00e9voles, les personnes accueillies, les partenaires, pour plus de solidarit\u00e9 en France, en Europe et dans le monde !<\/span><\/p>\n<p><img loading=\"lazy\" decoding=\"async\" class=\"aligncenter  wp-image-586\" src=\"http:\/\/noisiel.spf77.org\/wp-content\/uploads\/2017\/11\/noisiel.jpg\" alt=\"\" width=\"678\" height=\"407\" srcset=\"https:\/\/noisiel.spf77.org\/wp-content\/uploads\/2017\/11\/noisiel.jpg 960w, https:\/\/noisiel.spf77.org\/wp-content\/uploads\/2017\/11\/noisiel-300x180.jpg 300w, https:\/\/noisiel.spf77.org\/wp-content\/uploads\/2017\/11\/noisiel-768x461.jpg 768w\" sizes=\"auto, (max-width: 678px) 100vw, 678px\" \/><\/p>\n","protected":false},"excerpt":{"rendered":"<p>Le samedi 30 septembre a eu lieu le 20 \u00e8me congr\u00e8s d\u00e9partemental du Secours populaire de Seine-et-Marne. Plus de 80 d\u00e9l\u00e9gu\u00e9s se sont retrouv\u00e9s \u00e0 la salle polyvalente et sportive de Noisiel pour \u00e9changer, voter, partager&#8230; Un vaste programme : pr\u00e9sentation du rapport d\u2019activit\u00e9s et du rapport financier, votes du rapport moral et financier, pr\u00e9sentation d\u2019orientations sur le th\u00e8me de l\u2019Europe et lancement des r\u00e9flexions. Les congressistes se sont r\u00e9partis en trois ateliers : acc\u00e8s aux droits-Pr\u00e9carit\u00e9, solidarit\u00e9 monde et \u00e9ducation populaire. De ce travail, doit ressortir les grandes orientations pour les deux ann\u00e9es \u00e0 venir ! Les b\u00e9n\u00e9voles du<\/p>\n<a class=\"more-link\" rel=\"nofollow\" href=\"https:\/\/noisiel.spf77.org\/?p=587\">[Read More...]<\/a>","protected":false},"author":1,"featured_media":0,"comment_status":"open","ping_status":"open","sticky":false,"template":"","format":"standard","meta":{"footnotes":""},"categories":[3],"tags":[135,24,104],"class_list":["post-587","post","type-post","status-publish","format-standard","hentry","category-actus","tag-congres","tag-noisiel","tag-seine-et-marne"],"_links":{"self":[{"href":"https:\/\/noisiel.spf77.org\/index.php?rest_route=\/wp\/v2\/posts\/587","targetHints":{"allow":["GET"]}}],"collection":[{"href":"https:\/\/noisiel.spf77.org\/index.php?rest_route=\/wp\/v2\/posts"}],"about":[{"href":"https:\/\/noisiel.spf77.org\/index.php?rest_route=\/wp\/v2\/types\/post"}],"author":[{"embeddable":true,"href":"https:\/\/noisiel.spf77.org\/index.php?rest_route=\/wp\/v2\/users\/1"}],"replies":[{"embeddable":true,"href":"https:\/\/noisiel.spf77.org\/index.php?rest_route=%2Fwp%2Fv2%2Fcomments&post=587"}],"version-history":[{"count":1,"href":"https:\/\/noisiel.spf77.org\/index.php?rest_route=\/wp\/v2\/posts\/587\/revisions"}],"predecessor-version":[{"id":588,"href":"https:\/\/noisiel.spf77.org\/index.php?rest_route=\/wp\/v2\/posts\/587\/revisions\/588"}],"wp:attachment":[{"href":"https:\/\/noisiel.spf77.org\/index.php?rest_route=%2Fwp%2Fv2%2Fmedia&parent=587"}],"wp:term":[{"taxonomy":"category","embeddable":true,"href":"https:\/\/noisiel.spf77.org\/index.php?rest_route=%2Fwp%2Fv2%2Fcategories&post=587"},{"taxonomy":"post_tag","embeddable":true,"href":"https:\/\/noisiel.spf77.org\/index.php?rest_route=%2Fwp%2Fv2%2Ftags&post=587"}],"curies":[{"name":"wp","href":"https:\/\/api.w.org\/{rel}","templated":true}]}}