{"id":609,"date":"2018-01-08T19:15:48","date_gmt":"2018-01-08T18:15:48","guid":{"rendered":"https:\/\/noisiel.spf77.org\/?p=609"},"modified":"2018-02-21T19:16:58","modified_gmt":"2018-02-21T18:16:58","slug":"spectacles-de-noel","status":"publish","type":"post","link":"https:\/\/noisiel.spf77.org\/?p=609","title":{"rendered":"Spectacles de No\u00ebl"},"content":{"rendered":"<p>Spectacle de No\u00ebl pour Noisiel et Bussy : Les familles aid\u00e9es de Noisiel et Bussy-Saint-Georges se sont retrouv\u00e9es ce dimanche 17 D\u00e9cembre \u00e0 la Ferme du Buisson dans le cadre du Festival &#8220;Tout&#8217;Ou\u00efe&#8221; et ont pu d\u00e9couvrir les multiples animations propos\u00e9es. Les enfants ont assist\u00e9 au spectacle de &#8220;Marionnettes sur l&#8217;eau du Vietnam&#8221; avant d&#8217;acc\u00e9der au &#8220;Village des jeux&#8221; et de d\u00e9guster cr\u00eape et chocolat chaud. Cet apr\u00e8s-midi riche en \u00e9motions s&#8217;est achev\u00e9 par la venue du P\u00e8re No\u00ebl Vert qui a distribu\u00e9 \u00e0 chaque enfant une carte-cadeau (Oxybul ou FNAC) accompagn\u00e9e de nombreuses friandises !<\/p>\n<p><img loading=\"lazy\" decoding=\"async\" class=\"aligncenter  wp-image-608\" src=\"https:\/\/noisiel.spf77.org\/wp-content\/uploads\/2018\/02\/26231174_1197411877058262_8371575611699930625_n.png\" alt=\"\" width=\"336\" height=\"240\" srcset=\"https:\/\/noisiel.spf77.org\/wp-content\/uploads\/2018\/02\/26231174_1197411877058262_8371575611699930625_n.png 851w, https:\/\/noisiel.spf77.org\/wp-content\/uploads\/2018\/02\/26231174_1197411877058262_8371575611699930625_n-300x214.png 300w, https:\/\/noisiel.spf77.org\/wp-content\/uploads\/2018\/02\/26231174_1197411877058262_8371575611699930625_n-768x549.png 768w\" sizes=\"auto, (max-width: 336px) 100vw, 336px\" \/><\/p>\n","protected":false},"excerpt":{"rendered":"<p>Spectacle de No\u00ebl pour Noisiel et Bussy : Les familles aid\u00e9es de Noisiel et Bussy-Saint-Georges se sont retrouv\u00e9es ce dimanche 17 D\u00e9cembre \u00e0 la Ferme du Buisson dans le cadre du Festival &#8220;Tout&#8217;Ou\u00efe&#8221; et ont pu d\u00e9couvrir les multiples animations propos\u00e9es. Les enfants ont assist\u00e9 au spectacle de &#8220;Marionnettes sur l&#8217;eau du Vietnam&#8221; avant d&#8217;acc\u00e9der au &#8220;Village des jeux&#8221; et de d\u00e9guster cr\u00eape et chocolat chaud. Cet apr\u00e8s-midi riche en \u00e9motions s&#8217;est achev\u00e9 par la venue du P\u00e8re No\u00ebl Vert qui a distribu\u00e9 \u00e0 chaque enfant une carte-cadeau (Oxybul ou FNAC) accompagn\u00e9e de nombreuses friandises !<\/p>\n<a class=\"more-link\" rel=\"nofollow\" href=\"https:\/\/noisiel.spf77.org\/?p=609\">[Read More...]<\/a>","protected":false},"author":1,"featured_media":0,"comment_status":"open","ping_status":"open","sticky":false,"template":"","format":"standard","meta":{"footnotes":""},"categories":[3],"tags":[8],"class_list":["post-609","post","type-post","status-publish","format-standard","hentry","category-actus","tag-noel"],"_links":{"self":[{"href":"https:\/\/noisiel.spf77.org\/index.php?rest_route=\/wp\/v2\/posts\/609","targetHints":{"allow":["GET"]}}],"collection":[{"href":"https:\/\/noisiel.spf77.org\/index.php?rest_route=\/wp\/v2\/posts"}],"about":[{"href":"https:\/\/noisiel.spf77.org\/index.php?rest_route=\/wp\/v2\/types\/post"}],"author":[{"embeddable":true,"href":"https:\/\/noisiel.spf77.org\/index.php?rest_route=\/wp\/v2\/users\/1"}],"replies":[{"embeddable":true,"href":"https:\/\/noisiel.spf77.org\/index.php?rest_route=%2Fwp%2Fv2%2Fcomments&post=609"}],"version-history":[{"count":1,"href":"https:\/\/noisiel.spf77.org\/index.php?rest_route=\/wp\/v2\/posts\/609\/revisions"}],"predecessor-version":[{"id":610,"href":"https:\/\/noisiel.spf77.org\/index.php?rest_route=\/wp\/v2\/posts\/609\/revisions\/610"}],"wp:attachment":[{"href":"https:\/\/noisiel.spf77.org\/index.php?rest_route=%2Fwp%2Fv2%2Fmedia&parent=609"}],"wp:term":[{"taxonomy":"category","embeddable":true,"href":"https:\/\/noisiel.spf77.org\/index.php?rest_route=%2Fwp%2Fv2%2Fcategories&post=609"},{"taxonomy":"post_tag","embeddable":true,"href":"https:\/\/noisiel.spf77.org\/index.php?rest_route=%2Fwp%2Fv2%2Ftags&post=609"}],"curies":[{"name":"wp","href":"https:\/\/api.w.org\/{rel}","templated":true}]}}